{"id":351,"date":"2018-01-24T06:00:26","date_gmt":"2018-01-24T06:00:26","guid":{"rendered":"http:\/\/www.reservarhotel.com\/blog\/?p=351"},"modified":"2018-01-23T16:38:01","modified_gmt":"2018-01-23T16:38:01","slug":"san-miniato-al-monte-el-descanso-eterno-de-un-principe-armenio","status":"publish","type":"post","link":"https:\/\/www.reservarhotel.com\/blog\/san-miniato-al-monte-el-descanso-eterno-de-un-principe-armenio\/","title":{"rendered":"San Miniato al Monte, el descanso eterno de un pr\u00edncipe armenio"},"content":{"rendered":"<p><span style=\"font-family: Arial, sans-serif;\"><span style=\"font-size: small;\"><b>San Miniato al Monte<\/b>, sin rodeos, es una de las iglesias rom\u00e1nicas m\u00e1s aut\u00e9nticas de la Toscana. <b>San Miniato al Monte <\/b>est\u00e1 a poca distancia de la Piazzale Michelangelo, la plaza tur\u00edstica por excelencia de <b>Florencia <\/b>y se llega a ella a trav\u00e9s de una serie de escaleras y terrazas que le dan un no s\u00e9 qu\u00e9 solemne. Tienes que verla.<\/span><\/span><!--more--><\/p>\n<p align=\"JUSTIFY\"><span style=\"font-family: Arial, sans-serif;\"><span style=\"font-size: small;\">Las terrazas y las escaleras fueron construidas entre 1865 y 1873 por Giuseppe Poggi y hacen algo muy espectacular, dan forma a la colina en la que se asienta <b>San Miniato al Monte<\/b> y permiten acondicionar un excelente mirador con vistas a la ciudad de <b>Florencia<\/b>.<\/span><\/span><\/p>\n<p align=\"JUSTIFY\"><span style=\"font-family: Arial, sans-serif;\"><span style=\"font-size: small;\">La iglesia de <b>San Miniato al Monte<\/b>, que traducido ser\u00eda algo as\u00ed como San Minias de la colina, fue construida sobre la tumba de un m\u00e1rtir con ese nombre, San Minias. San Minias era un rico armenio, posiblemente un pr\u00edncipe, que se hab\u00eda establecido en la ciudad de<b> Florencia <\/b>de tiempos de los romanos. <\/span><\/span><\/p>\n<p align=\"JUSTIFY\"><span style=\"font-family: Arial, sans-serif;\"><span style=\"font-size: small;\">Poco tiempo despu\u00e9s de que el emperador romano Decio emitiera un edicto para la eliminaci\u00f3n del cristianismo en el 250, Minias fue decapitado y enterrado en una colina al este del Oltrarno, al otro lado del r\u00edo seg\u00fan se mira desde el centro de la ciudad de <b>Florencia<\/b>. <\/span><\/span><\/p>\n<p align=\"JUSTIFY\"><span style=\"font-family: Arial, sans-serif;\"><span style=\"font-size: small;\">Probablemente se levant\u00f3 una peque\u00f1a iglesia en el lugar poco tiempo despu\u00e9s de que se sepultara en el lugar a San Minias. Sin embargo, la iglesia, tal como la vemos hoy, comenz\u00f3 a construirse en el 1018 y sus trabajos se prologaron durante los dos siglos siguientes.<\/span><\/span><\/p>\n<p align=\"JUSTIFY\"><span style=\"font-family: Arial, sans-serif;\"><span style=\"font-size: small;\">La fachada<\/span><\/span><\/p>\n<p align=\"JUSTIFY\"><span style=\"font-family: Arial, sans-serif;\"><span style=\"font-size: small;\">La construcci\u00f3n de la iglesia fue financiada por el gremio Calimala \u2013comerciantes de lana y tela de Florencia- como muestra la estatua que est\u00e1 situada en la parte superior de la fachada de la iglesia. Se trata de un \u00e1guila alzada sobre sus patas con una de ellas sujetando un saco de lana por el s\u00edmbolo de este rico gremio ciudadano. <\/span><\/span><\/p>\n<p align=\"JUSTIFY\"><span style=\"font-family: Arial, sans-serif;\"><span style=\"font-size: small;\">La fachada, levantada en 1090, tiene un hermoso patr\u00f3n de m\u00e1rmol de colores. Bello, bello, de verdad. La combinaci\u00f3n de m\u00e1rmol verde y blanco se recrear\u00eda m\u00e1s tarde en el baptisterio y la catedral de <b>Florencia<\/b>. El mosaico de la fachada se a\u00f1adi\u00f3 m\u00e1s tarde, en el siglo XIII, y representa a &#8216;Cristo con Mar\u00eda y San Minias&#8217;. <\/span><\/span><\/p>\n<p align=\"JUSTIFY\"><span style=\"font-family: Arial, sans-serif;\"><span style=\"font-size: small;\">Un mosaico de tema similar, creado en 1297, se puede descubrir en el interior de la iglesia, justo en el techo del \u00e1bside. El piso de m\u00e1rmol, de 1207, q ue hay en el mismo lugar est\u00e1 decorado con unos curiosos signos del zod\u00edaco. Sorprendente.<\/span><\/span><\/p>\n<p align=\"JUSTIFY\"><span style=\"font-family: Arial, sans-serif;\"><span style=\"font-size: small;\">Cabe destacar tambi\u00e9n la hermosa capilla creada para el cardenal portugu\u00e9s Iacopo di Lusitania que, tambi\u00e9n cosa curiosa, muri\u00f3 en <b>Florencia<\/b> en 1459 a la tempran\u00edsima edad de veinticinco a\u00f1os. Palabra que es verdad. La tumba finamente esculpida para este cardenal portugu\u00e9s fue obra de Antonio Rossellino en 1466.<\/span><\/span><\/p>\n<p align=\"JUSTIFY\"><span style=\"font-family: Arial, sans-serif;\"><span style=\"font-size: small;\">El cementerio que est\u00e1 situado muy cerca de la iglesia, oficialmente conocido como el Cimitero delle Porte Sante, fue construido alrededor de 1839. No debes perderte las tumbas grandes de las tambi\u00e9n grandes familias florentinas. Muchas de ellas del tama\u00f1o de capillas, est\u00e1n decoradas con estatuas y otros ornamentos.<\/span><\/span><\/p>\n<p align=\"JUSTIFY\"><span style=\"font-family: Arial, sans-serif;\"><span style=\"font-size: small;\">El \u00fanico campanario que casi se termin\u00f3 en la iglesia de <b>San Miniato al Monte <\/b>sali\u00f3 de las manos del escultor y arquitecto Baccio d&#8217;Agnolo, que comenz\u00f3 con su construcci\u00f3n en 1523. La torre reemplaz\u00f3 a otra anterior que se vino abajo en 1499. <\/span><\/span><\/p>\n<p align=\"JUSTIFY\"><span style=\"font-family: Arial, sans-serif;\"><span style=\"font-size: small;\">Durante el asedio de <b>Florencia <\/b>en 1529 y 1530 que fue protagonizado por el derrocado Medici y sus aliados, el campanario se utiliz\u00f3 para defender la ciudad. Miguel \u00c1ngel, que se opuso a los gobernantes M\u00e9dicis, aunque sorprendentemente tambi\u00e9n trabaj\u00f3 para ellos, dirigi\u00f3 la transformaci\u00f3n del campanario en una torre de artiller\u00eda. Al mismo tiempo, dot\u00f3 a los alrededores del templo de una serie de foritificaciones.<\/span><\/span><\/p>\n<p align=\"JUSTIFY\"><span style=\"font-family: Arial, sans-serif;\"><span style=\"font-size: small;\">Si quieres <b>ver San Miniato al Monte<\/b>, busca r\u00e1pido <a href=\"http:\/\/www.reservarhotel.com\/italia\/hoteles-en-florencia\/\" target=\"_blank\" rel=\"noopener noreferrer\"><b>hoteles en Florencia<\/b><\/a> para la pr\u00f3xima temporada de verano. Es el mejor momento para disfrutar de las excelencias florentinas.<\/span><\/span><\/p>\n<div id=\"attachment_353\" style=\"width: 590px\" class=\"wp-caption aligncenter\"><a href=\"http:\/\/www.reservarhotel.com\/blog\/wp-content\/uploads\/2018\/01\/San-Miniato-al-Monte-2.jpg\" target=\"_blank\" rel=\"noopener noreferrer\"><img aria-describedby=\"caption-attachment-353\" loading=\"lazy\" class=\"wp-image-353 size-full colorbox-351\" src=\"http:\/\/www.reservarhotel.com\/blog\/wp-content\/uploads\/2018\/01\/San-Miniato-al-Monte-2.jpg\" alt=\"\" width=\"580\" height=\"854\" srcset=\"https:\/\/www.reservarhotel.com\/blog\/wp-content\/uploads\/2018\/01\/San-Miniato-al-Monte-2.jpg 580w, https:\/\/www.reservarhotel.com\/blog\/wp-content\/uploads\/2018\/01\/San-Miniato-al-Monte-2-204x300.jpg 204w\" sizes=\"(max-width: 580px) 100vw, 580px\" \/><\/a><p id=\"caption-attachment-353\" class=\"wp-caption-text\">San Miniato al Monte<\/p><\/div>\n\n\t\t\t\t<div class=\"mr_social_sharing_wrapper\">\n\t\t\t\t<!-- Social Sharing Toolkit v2.2 --><span class=\"mr_social_sharing\"><fb:share-button type=\"button\" href=\"https:\/\/www.reservarhotel.com\/blog\/san-miniato-al-monte-el-descanso-eterno-de-un-principe-armenio\/\"><\/fb:share-button><\/span><span class=\"mr_social_sharing\"><div class=\"g-plusone\" data-size=\"medium\" data-annotation=\"none\" data-href=\"https:\/\/www.reservarhotel.com\/blog\/san-miniato-al-monte-el-descanso-eterno-de-un-principe-armenio\/\"><\/div><\/span><span class=\"mr_social_sharing\"><script type=\"IN\/Share\" data-url=\"https:\/\/www.reservarhotel.com\/blog\/san-miniato-al-monte-el-descanso-eterno-de-un-principe-armenio\/\"><\/script><\/span><span class=\"mr_social_sharing\"><a href=\"http:\/\/pinterest.com\/pin\/create\/button\/?url=https%3A%2F%2Fwww.reservarhotel.com%2Fblog%2Fsan-miniato-al-monte-el-descanso-eterno-de-un-principe-armenio%2F&amp;media=https%3A%2F%2Fwww.reservarhotel.com%2Fblog%2Fwp-content%2Fuploads%2F2018%2F01%2FSan-Miniato-al-Monte-1.jpg&amp;description=San+Miniato+al+Monte%2C+el+descanso+eterno+de+un+pr%C3%ADncipe+armenio\" class=\"pin-it-button\" count-layout=\"none\"><img class=\"colorbox-351\"  border=\"0\" src=\"\/\/assets.pinterest.com\/images\/PinExt.png\" title=\"Pin It\" \/><\/a><\/span><span class=\"mr_social_sharing\"><a href=\"https:\/\/twitter.com\/share\" class=\"twitter-share-button\" data-count=\"none\" data-url=\"https:\/\/www.reservarhotel.com\/blog\/san-miniato-al-monte-el-descanso-eterno-de-un-principe-armenio\/\" data-via=\"reservarhotel\" data-text=\"San Miniato al Monte, el descanso eterno de un pr\u00edncipe armenio\"><\/a><\/span><span class=\"mr_social_sharing\"><a rel=\"nofollow\" class=\"linksalpha_button linksalpha_link\" href=\"\/\/www.linksalpha.com\/social\/mobile\" data-url=\"https:\/\/www.reservarhotel.com\/blog\/san-miniato-al-monte-el-descanso-eterno-de-un-principe-armenio\/\" data-text=\"San Miniato al Monte, el descanso eterno de un pr\u00edncipe armenio\" data-desc=\"San Miniato al Monte, sin rodeos, es una de las iglesias rom\u00e1nicas m\u00e1s aut\u00e9nticas de la Toscana. San Miniato al Monte est\u00e1 a poca distancia de la Piazzale Michelangelo, la plaza tur\u00edstica por excelencia de Florencia y se llega a ella a trav\u00e9s de una serie de escaleras y terrazas que le dan un\" data-image=\"https:\/\/www.reservarhotel.com\/blog\/wp-content\/uploads\/2018\/01\/San-Miniato-al-Monte-1.jpg\" data-button=\"none\">\n\t\t\t\t\t<img src=\"\/\/www.linksalpha.com\/images\/social_share_button.png\" alt=\"Share\" class=\"linksalpha_image colorbox-351\" \/>\n\t\t\t\t\t<\/a><script type=\"text\/javascript\" src=\"\/\/www.linksalpha.com\/scripts\/loader_iconbox.js?v=2.4\"><\/script><\/span><\/div>","protected":false},"excerpt":{"rendered":"<p>San Miniato al Monte, sin rodeos, es una de las iglesias rom\u00e1nicas m\u00e1s aut\u00e9nticas de la Toscana. San Miniato al Monte est\u00e1 a poca distancia de la Piazzale Michelangelo, la&#8230; <a href=\"https:\/\/www.reservarhotel.com\/blog\/san-miniato-al-monte-el-descanso-eterno-de-un-principe-armenio\/\">Leer m\u00e1s &raquo;<\/a><\/p>\n\n\t\t\t\t<div class=\"mr_social_sharing_wrapper\">\n\t\t\t\t<!-- Social Sharing Toolkit v2.2 --><span class=\"mr_social_sharing\"><fb:share-button type=\"button\" href=\"https:\/\/www.reservarhotel.com\/blog\/san-miniato-al-monte-el-descanso-eterno-de-un-principe-armenio\/\"><\/fb:share-button><\/span><span class=\"mr_social_sharing\"><div class=\"g-plusone\" data-size=\"medium\" data-annotation=\"none\" data-href=\"https:\/\/www.reservarhotel.com\/blog\/san-miniato-al-monte-el-descanso-eterno-de-un-principe-armenio\/\"><\/div><\/span><span class=\"mr_social_sharing\"><script type=\"IN\/Share\" data-url=\"https:\/\/www.reservarhotel.com\/blog\/san-miniato-al-monte-el-descanso-eterno-de-un-principe-armenio\/\"><\/script><\/span><span class=\"mr_social_sharing\"><a href=\"http:\/\/pinterest.com\/pin\/create\/button\/?url=https%3A%2F%2Fwww.reservarhotel.com%2Fblog%2Fsan-miniato-al-monte-el-descanso-eterno-de-un-principe-armenio%2F&amp;media=https%3A%2F%2Fwww.reservarhotel.com%2Fblog%2Fwp-content%2Fuploads%2F2018%2F01%2FSan-Miniato-al-Monte-1.jpg&amp;description=San+Miniato+al+Monte%2C+el+descanso+eterno+de+un+pr%C3%ADncipe+armenio\" class=\"pin-it-button\" count-layout=\"none\"><img class=\"colorbox-351\"  border=\"0\" src=\"\/\/assets.pinterest.com\/images\/PinExt.png\" title=\"Pin It\" \/><\/a><\/span><span class=\"mr_social_sharing\"><a href=\"https:\/\/twitter.com\/share\" class=\"twitter-share-button\" data-count=\"none\" data-url=\"https:\/\/www.reservarhotel.com\/blog\/san-miniato-al-monte-el-descanso-eterno-de-un-principe-armenio\/\" data-via=\"reservarhotel\" data-text=\"San Miniato al Monte, el descanso eterno de un pr\u00edncipe armenio\"><\/a><\/span><span class=\"mr_social_sharing\"><a rel=\"nofollow\" class=\"linksalpha_button linksalpha_link\" href=\"\/\/www.linksalpha.com\/social\/mobile\" data-url=\"https:\/\/www.reservarhotel.com\/blog\/san-miniato-al-monte-el-descanso-eterno-de-un-principe-armenio\/\" data-text=\"San Miniato al Monte, el descanso eterno de un pr\u00edncipe armenio\" data-desc=\"San Miniato al Monte, sin rodeos, es una de las iglesias rom\u00e1nicas m\u00e1s aut\u00e9nticas de la Toscana. San Miniato al Monte est\u00e1 a poca distancia de la Piazzale Michelangelo, la plaza tur\u00edstica por excelencia de Florencia y se llega a ella a trav\u00e9s de una serie de escaleras y terrazas que le dan un\" data-image=\"https:\/\/www.reservarhotel.com\/blog\/wp-content\/uploads\/2018\/01\/San-Miniato-al-Monte-1.jpg\" data-button=\"none\">\n\t\t\t\t\t<img src=\"\/\/www.linksalpha.com\/images\/social_share_button.png\" alt=\"Share\" class=\"linksalpha_image colorbox-351\" \/>\n\t\t\t\t\t<\/a><script type=\"text\/javascript\" src=\"\/\/www.linksalpha.com\/scripts\/loader_iconbox.js?v=2.4\"><\/script><\/span><\/div>","protected":false},"author":2,"featured_media":352,"comment_status":"open","ping_status":"open","sticky":false,"template":"","format":"standard","meta":[],"categories":[28],"tags":[33,29,54,157],"_links":{"self":[{"href":"https:\/\/www.reservarhotel.com\/blog\/wp-json\/wp\/v2\/posts\/351"}],"collection":[{"href":"https:\/\/www.reservarhotel.com\/blog\/wp-json\/wp\/v2\/posts"}],"about":[{"href":"https:\/\/www.reservarhotel.com\/blog\/wp-json\/wp\/v2\/types\/post"}],"author":[{"embeddable":true,"href":"https:\/\/www.reservarhotel.com\/blog\/wp-json\/wp\/v2\/users\/2"}],"replies":[{"embeddable":true,"href":"https:\/\/www.reservarhotel.com\/blog\/wp-json\/wp\/v2\/comments?post=351"}],"version-history":[{"count":1,"href":"https:\/\/www.reservarhotel.com\/blog\/wp-json\/wp\/v2\/posts\/351\/revisions"}],"predecessor-version":[{"id":354,"href":"https:\/\/www.reservarhotel.com\/blog\/wp-json\/wp\/v2\/posts\/351\/revisions\/354"}],"wp:featuredmedia":[{"embeddable":true,"href":"https:\/\/www.reservarhotel.com\/blog\/wp-json\/wp\/v2\/media\/352"}],"wp:attachment":[{"href":"https:\/\/www.reservarhotel.com\/blog\/wp-json\/wp\/v2\/media?parent=351"}],"wp:term":[{"taxonomy":"category","embeddable":true,"href":"https:\/\/www.reservarhotel.com\/blog\/wp-json\/wp\/v2\/categories?post=351"},{"taxonomy":"post_tag","embeddable":true,"href":"https:\/\/www.reservarhotel.com\/blog\/wp-json\/wp\/v2\/tags?post=351"}],"curies":[{"name":"wp","href":"https:\/\/api.w.org\/{rel}","templated":true}]}}