{"id":479,"date":"2018-06-13T06:00:00","date_gmt":"2018-06-13T06:00:00","guid":{"rendered":"http:\/\/www.reservarhotel.com\/blog\/?p=479"},"modified":"2018-06-12T09:49:35","modified_gmt":"2018-06-12T09:49:35","slug":"columna-de-marco-aurelio-pinturas-romanas-de-pura-piedra","status":"publish","type":"post","link":"https:\/\/www.reservarhotel.com\/blog\/columna-de-marco-aurelio-pinturas-romanas-de-pura-piedra\/","title":{"rendered":"Columna de Marco Aurelio, pinturas romanas de pura piedra"},"content":{"rendered":"<p><span style=\"font-family: Arial, sans-serif;\"><span style=\"font-size: small;\">La <b>Columna de Marco Aurelio<\/b> es una construcci\u00f3n antigua romana que se levanta en la Piazza Colonna, en la Plaza de la Columna, en el centro de <b>Roma<\/b>. Se trata de una columna de orden d\u00f3rico que presenta relieves en espiral a lo largo de toda su altura levantada en honor al emperador Marco Aurelio. En esos relieves, se describen los triunfos militares del emperador del mismo modo en que lo hace la tambi\u00e9n famosa columna de Trajano.<\/span><\/span><!--more--><\/p>\n<p align=\"JUSTIFY\"><span style=\"font-family: Arial, sans-serif;\"><span style=\"font-size: small;\">Lamentablemente, una inscripci\u00f3n desaparecida en la que se dedicaba el monumento impide saber si la estructura fue levantada en tiempos de Marco Aurelio o es posterior. Si fue levantada como recuerdo de los triunfos sobre los pueblos marcomanos, quadis y samartianos sucedidos en el a\u00f1o 176 o se hizo tras la muerte del emperador en el 180. En todo caso, una inscripci\u00f3n aparecida en las cercan\u00edas parece, s\u00f3lo parece, zanjar el asunto. La inscripci\u00f3n dice que la <b>Columna de Marco Aurelio<\/b> se termin\u00f3 en el a\u00f1o 193. Mucho tiempo despu\u00e9s.<\/span><\/span><\/p>\n<p align=\"JUSTIFY\"><span style=\"font-family: Arial, sans-serif;\"><span style=\"font-size: small;\">Dentro de la geograf\u00eda urbana de la Roma antigua, la <b>Columna de Marco Aurelio <\/b>se situaba al norte del Campo de Marte, en el centro de una plaza cuadrada. La zona, a su vez, se situaba entre el Templo de Adriano y el de Marco Aurelino que fue dedicado al recuerdo de su padre por su sucesor e hijo, el emperador C\u00f3modo. De este templo, no queda nada. Los especialistas creen que el lugar exacto de su localizaci\u00f3n se corresponde con la actual del Palazzo Wedekind. <\/span><\/span><\/p>\n<p align=\"JUSTIFY\"><span style=\"font-family: Arial, sans-serif;\"><span style=\"font-size: small;\">La <b>Columna de Marco Aurelio<\/b> tiene una altura de casi 40 metros y se alzaba originariamente sobre una plataforma de tres metros de alzada que fue enterrada en el suelo en la restauraci\u00f3n de 1589. Fue una orden del papa P\u00edo V y la restauraci\u00f3n corri\u00f3 a cargo de Domenico Fontana que adapt\u00f3 la base de la columna a la altura del suelo en aquella \u00e9poca. <\/span><\/span><\/p>\n<p align=\"JUSTIFY\"><span style=\"font-family: Arial, sans-serif;\"><span style=\"font-size: small;\">El mismo Fontana coloc\u00f3 en la parte alta una estatua de bronce del ap\u00f3stol San Pablo que deb\u00eda corresponder con la de San Pedro que se hab\u00eda instalado en la de Trajano en 1583. Probablemente, la estatua que coronaba la parte superior de la de Marco Aurelio era una representaci\u00f3n de este emperador que ya no exist\u00eda en el siglo XVI. <\/span><\/span><\/p>\n<p align=\"JUSTIFY\"><span style=\"font-family: Arial, sans-serif;\"><span style=\"font-size: small;\">La restauraci\u00f3n de la columna se llev\u00f3 por delante los relieves da\u00f1ados o destruidos de la base, que debieron ser decoraciones de guirnaldas en alusi\u00f3n a las victorias. Una inscripci\u00f3n a\u00f1adida en esos a\u00f1os reconoc\u00eda err\u00f3neamente a la columna con la de Antonino P\u00edo. Una inscripci\u00f3n, que, en cualquier caso, tambi\u00e9n se ha perdido.<\/span><\/span><\/p>\n<p align=\"JUSTIFY\"><span style=\"font-family: Arial, sans-serif;\"><span style=\"font-size: small;\">La columna consta de 27 \u00f3 28 bloques de m\u00e1rmol de Carrara, cada una de ellas de 3,7 metros de di\u00e1metro. El interior de la columna est\u00e1 hueco y a trav\u00e9s de ese espacio asciende una escalera que conduce a una plataforma situada en la parte m\u00e1s alta, como sucede con la Columna de Trajano.<\/span><\/span><\/p>\n<p align=\"JUSTIFY\"><span style=\"font-family: Arial, sans-serif;\"><span style=\"font-size: small;\">Relieves<\/span><\/span><\/p>\n<p align=\"JUSTIFY\"><span style=\"font-family: Arial, sans-serif;\"><span style=\"font-size: small;\">Los relieves cuentan la historia de las guerras danubianas y marubanas de Marco Aurelio (166-180). El relato en piedra de la columna empieza con el cruce del Danubio, probablemente en Carnuntum. No existe consenso, pero se cree que el relato de la expedici\u00f3n contra los marcomanos y los quadis de los a\u00f1os 172 y 173 est\u00e1n en la parte inferior de la columna y la de los s\u00e1rmatas de los a\u00f1os 174 y 175 en la parte superior.<\/span><\/span><\/p>\n<p align=\"JUSTIFY\"><span style=\"font-family: Arial, sans-serif;\"><span style=\"font-size: small;\">Un episodio recogido por la historia romana, confirmado por la propaganda imperial y que se puede ver en la <b>Columna de Marco Aurelio<\/b> es el llamado &#8216;milagro de la lluvia en el territorio de los Quadi&#8217;. Una ruego del emperador a los dioses permiti\u00f3 el rescate de las tropas romanas azotadas por una gran tormenta. Un milagro que los cristianos hicieron suyo posteriormente.<\/span><\/span><\/p>\n<p align=\"JUSTIFY\"><span style=\"font-family: Arial, sans-serif;\"><span style=\"font-size: small;\">A pesar del parecido con la Columna de Trajano, el estilo es totalmente diferente, como se puede ver en el Arco Triunfal de Septimio Severo. Los relieves de la <b>Columna de Marco Aurelio<\/b> se considera precursores del estilo efectista que dominar\u00e1 el arte representativo en el siglo III. <\/span><\/span><\/p>\n<p align=\"JUSTIFY\"><span style=\"font-family: Arial, sans-serif;\"><span style=\"font-size: small;\">Las cabezas de las figuras son desproporcionadamente grandes para que el observador pueda interpretar m\u00e1s f\u00e1cilmente las expresiones de las caras. Tambi\u00e9n es verdad que las im\u00e1genes est\u00e1n talladas con m\u00e1s profundidad que en la Columna de Trajano. Por esa raz\u00f3n, las representaciones destacan mejor en condiciones de baja iluminaci\u00f3n. <\/span><\/span><\/p>\n<p align=\"JUSTIFY\"><span style=\"font-family: Arial, sans-serif;\"><span style=\"font-size: small;\">En la sucesi\u00f3n de im\u00e1genes, tras el incendio de las aldeas, se captura a ni\u00f1os y a mujeres que son desplazados. Los hombres son asesinados y la desesperaci\u00f3n y el sufrimiento de los b\u00e1rbaros se deja ver de manera palpable. Mientras, el emperador Marco Aurelio aparece en las mismas escenas como protagonista, controlando la situaci\u00f3n en una actitud de superioridad.<\/span><\/span><\/p>\n<p align=\"JUSTIFY\"><span style=\"font-family: Arial, sans-serif;\"><span style=\"font-size: small;\">El lenguaje simb\u00f3lico es m\u00e1s claro, m\u00e1s expresivo, aunque pueda resultar muy simple a primera vista. Las escenas, que siguen un lenguaje pict\u00f3rico, trasladan al observador la fuerza del dominio imperial, su autoridad y una justificaci\u00f3n para su liderazgo.<\/span><\/span><\/p>\n<p align=\"JUSTIFY\"><span style=\"font-family: Arial, sans-serif;\"><span style=\"font-size: small;\">En la Edad Media, subir a la <b>Columna de Marco Aurelio <\/b>era tan popular que la tarifa para acceder a la parte m\u00e1s alta se subastaba cada a\u00f1o. Hoy, sin embargo, no es posible ascender a la plataforma superior cuyas vistas dominan el frente del Palazzo Chigi.<\/span><\/span><\/p>\n<p align=\"JUSTIFY\"><span style=\"font-family: Arial, sans-serif;\"><span style=\"font-size: small;\">Si vas a <b>viajar a Roma<\/b>, no dejes de <b>ver la Columna de Marco Aurelio<\/b>, te encantar\u00e1. Si necesitas alojamiento, aqu\u00ed tienes un listado de<a href=\"http:\/\/www.reservarhotel.com\/italia\/hoteles-en-roma\/\" target=\"_blank\" rel=\"noopener noreferrer\"><b> hoteles en Roma<\/b><\/a>. P\u00e1salo bien.<\/span><\/span><\/p>\n<div id=\"attachment_480\" style=\"width: 590px\" class=\"wp-caption aligncenter\"><a href=\"http:\/\/www.reservarhotel.com\/blog\/wp-content\/uploads\/2018\/06\/Columna-de-Marco-Aurelio.jpg\" target=\"_blank\" rel=\"noopener noreferrer\"><img aria-describedby=\"caption-attachment-480\" loading=\"lazy\" class=\"wp-image-480 size-full colorbox-479\" src=\"http:\/\/www.reservarhotel.com\/blog\/wp-content\/uploads\/2018\/06\/Columna-de-Marco-Aurelio.jpg\" alt=\"\" width=\"580\" height=\"776\" srcset=\"https:\/\/www.reservarhotel.com\/blog\/wp-content\/uploads\/2018\/06\/Columna-de-Marco-Aurelio.jpg 580w, https:\/\/www.reservarhotel.com\/blog\/wp-content\/uploads\/2018\/06\/Columna-de-Marco-Aurelio-224x300.jpg 224w\" sizes=\"(max-width: 580px) 100vw, 580px\" \/><\/a><p id=\"caption-attachment-480\" class=\"wp-caption-text\">Columna de Marco Aurelio.<\/p><\/div>\n\n\t\t\t\t<div class=\"mr_social_sharing_wrapper\">\n\t\t\t\t<!-- Social Sharing Toolkit v2.2 --><span class=\"mr_social_sharing\"><fb:share-button type=\"button\" href=\"https:\/\/www.reservarhotel.com\/blog\/columna-de-marco-aurelio-pinturas-romanas-de-pura-piedra\/\"><\/fb:share-button><\/span><span class=\"mr_social_sharing\"><div class=\"g-plusone\" data-size=\"medium\" data-annotation=\"none\" data-href=\"https:\/\/www.reservarhotel.com\/blog\/columna-de-marco-aurelio-pinturas-romanas-de-pura-piedra\/\"><\/div><\/span><span class=\"mr_social_sharing\"><script type=\"IN\/Share\" data-url=\"https:\/\/www.reservarhotel.com\/blog\/columna-de-marco-aurelio-pinturas-romanas-de-pura-piedra\/\"><\/script><\/span><span class=\"mr_social_sharing\"><a href=\"http:\/\/pinterest.com\/pin\/create\/button\/?url=https%3A%2F%2Fwww.reservarhotel.com%2Fblog%2Fcolumna-de-marco-aurelio-pinturas-romanas-de-pura-piedra%2F&amp;media=https%3A%2F%2Fwww.reservarhotel.com%2Fblog%2Fwp-content%2Fuploads%2F2018%2F06%2FDetalle-de-la-Columna-de-Marco-Aurelio-150x148.jpg&amp;description=Columna+de+Marco+Aurelio%2C+pinturas+romanas+de+pura+piedra\" class=\"pin-it-button\" count-layout=\"none\"><img class=\"colorbox-479\"  border=\"0\" src=\"\/\/assets.pinterest.com\/images\/PinExt.png\" title=\"Pin It\" \/><\/a><\/span><span class=\"mr_social_sharing\"><a href=\"https:\/\/twitter.com\/share\" class=\"twitter-share-button\" data-count=\"none\" data-url=\"https:\/\/www.reservarhotel.com\/blog\/columna-de-marco-aurelio-pinturas-romanas-de-pura-piedra\/\" data-via=\"reservarhotel\" data-text=\"Columna de Marco Aurelio, pinturas romanas de pura piedra\"><\/a><\/span><span class=\"mr_social_sharing\"><a rel=\"nofollow\" class=\"linksalpha_button linksalpha_link\" href=\"\/\/www.linksalpha.com\/social\/mobile\" data-url=\"https:\/\/www.reservarhotel.com\/blog\/columna-de-marco-aurelio-pinturas-romanas-de-pura-piedra\/\" data-text=\"Columna de Marco Aurelio, pinturas romanas de pura piedra\" data-desc=\"La Columna de Marco Aurelio es una construcci\u00f3n antigua romana que se levanta en la Piazza Colonna, en la Plaza de la Columna, en el centro de Roma. Se trata de una columna de orden d\u00f3rico que presenta relieves en espiral a lo largo de toda su altura levantada en honor al emperador Marco Aurelio.\" data-image=\"https:\/\/www.reservarhotel.com\/blog\/wp-content\/uploads\/2018\/06\/Detalle-de-la-Columna-de-Marco-Aurelio-150x148.jpg\" data-button=\"none\">\n\t\t\t\t\t<img src=\"\/\/www.linksalpha.com\/images\/social_share_button.png\" alt=\"Share\" class=\"linksalpha_image colorbox-479\" \/>\n\t\t\t\t\t<\/a><script type=\"text\/javascript\" src=\"\/\/www.linksalpha.com\/scripts\/loader_iconbox.js?v=2.4\"><\/script><\/span><\/div>","protected":false},"excerpt":{"rendered":"<p>La Columna de Marco Aurelio es una construcci\u00f3n antigua romana que se levanta en la Piazza Colonna, en la Plaza de la Columna, en el centro de Roma. Se trata&#8230; <a href=\"https:\/\/www.reservarhotel.com\/blog\/columna-de-marco-aurelio-pinturas-romanas-de-pura-piedra\/\">Leer m\u00e1s &raquo;<\/a><\/p>\n\n\t\t\t\t<div class=\"mr_social_sharing_wrapper\">\n\t\t\t\t<!-- Social Sharing Toolkit v2.2 --><span class=\"mr_social_sharing\"><fb:share-button type=\"button\" href=\"https:\/\/www.reservarhotel.com\/blog\/columna-de-marco-aurelio-pinturas-romanas-de-pura-piedra\/\"><\/fb:share-button><\/span><span class=\"mr_social_sharing\"><div class=\"g-plusone\" data-size=\"medium\" data-annotation=\"none\" data-href=\"https:\/\/www.reservarhotel.com\/blog\/columna-de-marco-aurelio-pinturas-romanas-de-pura-piedra\/\"><\/div><\/span><span class=\"mr_social_sharing\"><script type=\"IN\/Share\" data-url=\"https:\/\/www.reservarhotel.com\/blog\/columna-de-marco-aurelio-pinturas-romanas-de-pura-piedra\/\"><\/script><\/span><span class=\"mr_social_sharing\"><a href=\"http:\/\/pinterest.com\/pin\/create\/button\/?url=https%3A%2F%2Fwww.reservarhotel.com%2Fblog%2Fcolumna-de-marco-aurelio-pinturas-romanas-de-pura-piedra%2F&amp;media=https%3A%2F%2Fwww.reservarhotel.com%2Fblog%2Fwp-content%2Fuploads%2F2018%2F06%2FDetalle-de-la-Columna-de-Marco-Aurelio-150x148.jpg&amp;description=Columna+de+Marco+Aurelio%2C+pinturas+romanas+de+pura+piedra\" class=\"pin-it-button\" count-layout=\"none\"><img class=\"colorbox-479\"  border=\"0\" src=\"\/\/assets.pinterest.com\/images\/PinExt.png\" title=\"Pin It\" \/><\/a><\/span><span class=\"mr_social_sharing\"><a href=\"https:\/\/twitter.com\/share\" class=\"twitter-share-button\" data-count=\"none\" data-url=\"https:\/\/www.reservarhotel.com\/blog\/columna-de-marco-aurelio-pinturas-romanas-de-pura-piedra\/\" data-via=\"reservarhotel\" data-text=\"Columna de Marco Aurelio, pinturas romanas de pura piedra\"><\/a><\/span><span class=\"mr_social_sharing\"><a rel=\"nofollow\" class=\"linksalpha_button linksalpha_link\" href=\"\/\/www.linksalpha.com\/social\/mobile\" data-url=\"https:\/\/www.reservarhotel.com\/blog\/columna-de-marco-aurelio-pinturas-romanas-de-pura-piedra\/\" data-text=\"Columna de Marco Aurelio, pinturas romanas de pura piedra\" data-desc=\"La Columna de Marco Aurelio es una construcci\u00f3n antigua romana que se levanta en la Piazza Colonna, en la Plaza de la Columna, en el centro de Roma. Se trata de una columna de orden d\u00f3rico que presenta relieves en espiral a lo largo de toda su altura levantada en honor al emperador Marco Aurelio.\" data-image=\"https:\/\/www.reservarhotel.com\/blog\/wp-content\/uploads\/2018\/06\/Detalle-de-la-Columna-de-Marco-Aurelio-150x148.jpg\" data-button=\"none\">\n\t\t\t\t\t<img src=\"\/\/www.linksalpha.com\/images\/social_share_button.png\" alt=\"Share\" class=\"linksalpha_image colorbox-479\" \/>\n\t\t\t\t\t<\/a><script type=\"text\/javascript\" src=\"\/\/www.linksalpha.com\/scripts\/loader_iconbox.js?v=2.4\"><\/script><\/span><\/div>","protected":false},"author":2,"featured_media":481,"comment_status":"open","ping_status":"open","sticky":false,"template":"","format":"standard","meta":[],"categories":[47],"tags":[203,51,50,204],"_links":{"self":[{"href":"https:\/\/www.reservarhotel.com\/blog\/wp-json\/wp\/v2\/posts\/479"}],"collection":[{"href":"https:\/\/www.reservarhotel.com\/blog\/wp-json\/wp\/v2\/posts"}],"about":[{"href":"https:\/\/www.reservarhotel.com\/blog\/wp-json\/wp\/v2\/types\/post"}],"author":[{"embeddable":true,"href":"https:\/\/www.reservarhotel.com\/blog\/wp-json\/wp\/v2\/users\/2"}],"replies":[{"embeddable":true,"href":"https:\/\/www.reservarhotel.com\/blog\/wp-json\/wp\/v2\/comments?post=479"}],"version-history":[{"count":2,"href":"https:\/\/www.reservarhotel.com\/blog\/wp-json\/wp\/v2\/posts\/479\/revisions"}],"predecessor-version":[{"id":483,"href":"https:\/\/www.reservarhotel.com\/blog\/wp-json\/wp\/v2\/posts\/479\/revisions\/483"}],"wp:featuredmedia":[{"embeddable":true,"href":"https:\/\/www.reservarhotel.com\/blog\/wp-json\/wp\/v2\/media\/481"}],"wp:attachment":[{"href":"https:\/\/www.reservarhotel.com\/blog\/wp-json\/wp\/v2\/media?parent=479"}],"wp:term":[{"taxonomy":"category","embeddable":true,"href":"https:\/\/www.reservarhotel.com\/blog\/wp-json\/wp\/v2\/categories?post=479"},{"taxonomy":"post_tag","embeddable":true,"href":"https:\/\/www.reservarhotel.com\/blog\/wp-json\/wp\/v2\/tags?post=479"}],"curies":[{"name":"wp","href":"https:\/\/api.w.org\/{rel}","templated":true}]}}