{"id":741,"date":"2019-11-15T15:17:04","date_gmt":"2019-11-15T15:17:04","guid":{"rendered":"http:\/\/www.reservarhotel.com\/blog\/?p=741"},"modified":"2019-11-15T15:17:04","modified_gmt":"2019-11-15T15:17:04","slug":"asomate-al-balcon-de-mussolini-en-roma","status":"publish","type":"post","link":"https:\/\/www.reservarhotel.com\/blog\/asomate-al-balcon-de-mussolini-en-roma\/","title":{"rendered":"As\u00f3mate al balc\u00f3n de Mussolini en Roma"},"content":{"rendered":"<p style=\"text-align: justify;\"><span style=\"font-size: small;\">El dictador fascista italiano Benito Mussolini ten\u00eda la costumbre de arengar al pa\u00eds desde el Palazzo Venezia de <b>Roma<\/b>. El lugar ten\u00eda una especial significaci\u00f3n. Te explico porqu\u00e9 Il Duce sal\u00eda a vociferar a su gente precisamente desde ese balc\u00f3n que sigue en el mismo lugar. El<b> balc\u00f3n de Mussolini <\/b>es otra de las curiosidades que te esperan en <b>Roma<\/b>. <\/span><!--more--><\/p>\n<p style=\"text-align: justify;\" align=\"JUSTIFY\"><span style=\"font-size: small;\">Desde el balc\u00f3n del Palazzo Venezia, los italianos pudieron o\u00edr de boca de Mussolini algunos de los discursos m\u00e1s famosos de su tiempo. Como el de la declaraci\u00f3n del Imperio italiano de 1936 o la declaraci\u00f3n de guerra contra Francia y Gran Breta\u00f1a en 1940.<\/span><\/p>\n<p style=\"text-align: justify;\" align=\"JUSTIFY\"><span style=\"font-size: small;\">Motivos<\/span><\/p>\n<p style=\"text-align: justify;\" align=\"JUSTIFY\"><span style=\"font-size: small;\">A lo que iba. El balc\u00f3n fue elegido por tres motivos. Porque era el de la Sala Mappamondo, su despacho en el Palazzo Venezia en la d\u00e9cada de 1930. El balc\u00f3n estaba justo encima de la Piazza Venezia, suficientemente grande como para acoger a una cantidad importante de p\u00fablico concentrado.<\/span><\/p>\n<p style=\"text-align: justify;\" align=\"JUSTIFY\"><span style=\"font-size: small;\">El tercer motivo es menos evidente. El balc\u00f3n mira hacia el monumento a Vittorio Emanuele rey de Italia en el que arde la llama al soldado desconocido italiano. Hay que recordar que el \u00e9xito de Mussolini se fragu\u00f3 sobre las protestas de los descontentos por el resultado de la Primera Guerra Mundial para Italia. <\/span><\/p>\n<p style=\"text-align: justify;\" align=\"JUSTIFY\"><span style=\"font-size: small;\">El pa\u00eds hab\u00eda perdido miles de soldados en las batallas, los Aliados no hab\u00edan satisfecho sus compromisos de guerra para con el pa\u00eds y, como consecuencia del nuevo dise\u00f1o de las fronteras, muchos territorios reivindicados por Italia le fueron enajenados. El ritual del culto al soldado ca\u00eddo en las escalinatas del monumento era, por tanto, m\u00e1s que un s\u00edmbolo. <\/span><\/p>\n<p style=\"text-align: justify;\" align=\"JUSTIFY\"><span style=\"font-size: small;\">Despu\u00e9s de la Segunda Guerra Mundial, los italianos lo tuvieron claro sobre la significaci\u00f3n del<b> balc\u00f3n de Mussolini<\/b>. No tardaron mucho en tapiarlo. Sin embargo, con el tiempo, el balc\u00f3n y el mismo palacio fueron rehabilitados. Abri\u00e9ndose como uno m\u00e1s del Palazzo Venezia. Hoy el Palazzo Venezia es un museo nacional que te recomiendo visitar.<\/span><\/p>\n<p style=\"text-align: justify;\" align=\"JUSTIFY\"><span style=\"font-size: small;\">Te animo a visitar el Palazzo Venezia y sus alrededores, pero para empezar \u00bfno necesitar\u00edas por casualidad elegir entre buenos\u00a0<a href=\"http:\/\/www.reservarhotel.com\/italia\/hoteles-en-roma\/\" target=\"_blank\" rel=\"noopener noreferrer\"><b>hoteles en Roma<\/b><\/a>? Pues si es as\u00ed, clica en el enlaces, te llevar\u00e1 a una selecci\u00f3n de establecimientos.<\/span><\/p>\n<div id=\"attachment_743\" style=\"width: 1210px\" class=\"wp-caption aligncenter\"><a href=\"http:\/\/www.reservarhotel.com\/blog\/wp-content\/uploads\/2019\/11\/Palazzo-Venezia.jpg\"><img aria-describedby=\"caption-attachment-743\" loading=\"lazy\" class=\"wp-image-743 size-full colorbox-741\" src=\"http:\/\/www.reservarhotel.com\/blog\/wp-content\/uploads\/2019\/11\/Palazzo-Venezia.jpg\" alt=\"\" width=\"1200\" height=\"612\" srcset=\"https:\/\/www.reservarhotel.com\/blog\/wp-content\/uploads\/2019\/11\/Palazzo-Venezia.jpg 1200w, https:\/\/www.reservarhotel.com\/blog\/wp-content\/uploads\/2019\/11\/Palazzo-Venezia-300x153.jpg 300w, https:\/\/www.reservarhotel.com\/blog\/wp-content\/uploads\/2019\/11\/Palazzo-Venezia-768x392.jpg 768w, https:\/\/www.reservarhotel.com\/blog\/wp-content\/uploads\/2019\/11\/Palazzo-Venezia-1024x522.jpg 1024w, https:\/\/www.reservarhotel.com\/blog\/wp-content\/uploads\/2019\/11\/Palazzo-Venezia-624x318.jpg 624w\" sizes=\"(max-width: 1200px) 100vw, 1200px\" \/><\/a><p id=\"caption-attachment-743\" class=\"wp-caption-text\">Palazzo Venezia.<\/p><\/div>\n<p style=\"text-align: justify;\" align=\"JUSTIFY\">\n\n\t\t\t\t<div class=\"mr_social_sharing_wrapper\">\n\t\t\t\t<!-- Social Sharing Toolkit v2.2 --><span class=\"mr_social_sharing\"><fb:share-button type=\"button\" href=\"https:\/\/www.reservarhotel.com\/blog\/asomate-al-balcon-de-mussolini-en-roma\/\"><\/fb:share-button><\/span><span class=\"mr_social_sharing\"><div class=\"g-plusone\" data-size=\"medium\" data-annotation=\"none\" data-href=\"https:\/\/www.reservarhotel.com\/blog\/asomate-al-balcon-de-mussolini-en-roma\/\"><\/div><\/span><span class=\"mr_social_sharing\"><script type=\"IN\/Share\" data-url=\"https:\/\/www.reservarhotel.com\/blog\/asomate-al-balcon-de-mussolini-en-roma\/\"><\/script><\/span><span class=\"mr_social_sharing\"><a href=\"http:\/\/pinterest.com\/pin\/create\/button\/?url=https%3A%2F%2Fwww.reservarhotel.com%2Fblog%2Fasomate-al-balcon-de-mussolini-en-roma%2F&amp;media=https%3A%2F%2Fwww.reservarhotel.com%2Fblog%2Fwp-content%2Fuploads%2F2019%2F11%2FBalc%C3%B3n-de-Mussolini-150x150.jpg&amp;description=As%C3%B3mate+al+balc%C3%B3n+de+Mussolini+en+Roma\" class=\"pin-it-button\" count-layout=\"none\"><img class=\"colorbox-741\"  border=\"0\" src=\"\/\/assets.pinterest.com\/images\/PinExt.png\" title=\"Pin It\" \/><\/a><\/span><span class=\"mr_social_sharing\"><a href=\"https:\/\/twitter.com\/share\" class=\"twitter-share-button\" data-count=\"none\" data-url=\"https:\/\/www.reservarhotel.com\/blog\/asomate-al-balcon-de-mussolini-en-roma\/\" data-via=\"reservarhotel\" data-text=\"As\u00f3mate al balc\u00f3n de Mussolini en Roma\"><\/a><\/span><span class=\"mr_social_sharing\"><a rel=\"nofollow\" class=\"linksalpha_button linksalpha_link\" href=\"\/\/www.linksalpha.com\/social\/mobile\" data-url=\"https:\/\/www.reservarhotel.com\/blog\/asomate-al-balcon-de-mussolini-en-roma\/\" data-text=\"As\u00f3mate al balc\u00f3n de Mussolini en Roma\" data-desc=\"El dictador fascista italiano Benito Mussolini ten\u00eda la costumbre de arengar al pa\u00eds desde el Palazzo Venezia de Roma. El lugar ten\u00eda una especial significaci\u00f3n. Te explico porqu\u00e9 Il Duce sal\u00eda a vociferar a su gente precisamente desde ese balc\u00f3n que sigue en el mismo lugar. El balc\u00f3n de\" data-image=\"https:\/\/www.reservarhotel.com\/blog\/wp-content\/uploads\/2019\/11\/Balc\u00f3n-de-Mussolini-150x150.jpg\" data-button=\"none\">\n\t\t\t\t\t<img src=\"\/\/www.linksalpha.com\/images\/social_share_button.png\" alt=\"Share\" class=\"linksalpha_image colorbox-741\" \/>\n\t\t\t\t\t<\/a><script type=\"text\/javascript\" src=\"\/\/www.linksalpha.com\/scripts\/loader_iconbox.js?v=2.4\"><\/script><\/span><\/div>","protected":false},"excerpt":{"rendered":"<p>El dictador fascista italiano Benito Mussolini ten\u00eda la costumbre de arengar al pa\u00eds desde el Palazzo Venezia de Roma. El lugar ten\u00eda una especial significaci\u00f3n. Te explico porqu\u00e9 Il Duce&#8230; <a href=\"https:\/\/www.reservarhotel.com\/blog\/asomate-al-balcon-de-mussolini-en-roma\/\">Leer m\u00e1s &raquo;<\/a><\/p>\n\n\t\t\t\t<div class=\"mr_social_sharing_wrapper\">\n\t\t\t\t<!-- Social Sharing Toolkit v2.2 --><span class=\"mr_social_sharing\"><fb:share-button type=\"button\" href=\"https:\/\/www.reservarhotel.com\/blog\/asomate-al-balcon-de-mussolini-en-roma\/\"><\/fb:share-button><\/span><span class=\"mr_social_sharing\"><div class=\"g-plusone\" data-size=\"medium\" data-annotation=\"none\" data-href=\"https:\/\/www.reservarhotel.com\/blog\/asomate-al-balcon-de-mussolini-en-roma\/\"><\/div><\/span><span class=\"mr_social_sharing\"><script type=\"IN\/Share\" data-url=\"https:\/\/www.reservarhotel.com\/blog\/asomate-al-balcon-de-mussolini-en-roma\/\"><\/script><\/span><span class=\"mr_social_sharing\"><a href=\"http:\/\/pinterest.com\/pin\/create\/button\/?url=https%3A%2F%2Fwww.reservarhotel.com%2Fblog%2Fasomate-al-balcon-de-mussolini-en-roma%2F&amp;media=https%3A%2F%2Fwww.reservarhotel.com%2Fblog%2Fwp-content%2Fuploads%2F2019%2F11%2FBalc%C3%B3n-de-Mussolini-150x150.jpg&amp;description=As%C3%B3mate+al+balc%C3%B3n+de+Mussolini+en+Roma\" class=\"pin-it-button\" count-layout=\"none\"><img class=\"colorbox-741\"  border=\"0\" src=\"\/\/assets.pinterest.com\/images\/PinExt.png\" title=\"Pin It\" \/><\/a><\/span><span class=\"mr_social_sharing\"><a href=\"https:\/\/twitter.com\/share\" class=\"twitter-share-button\" data-count=\"none\" data-url=\"https:\/\/www.reservarhotel.com\/blog\/asomate-al-balcon-de-mussolini-en-roma\/\" data-via=\"reservarhotel\" data-text=\"As\u00f3mate al balc\u00f3n de Mussolini en Roma\"><\/a><\/span><span class=\"mr_social_sharing\"><a rel=\"nofollow\" class=\"linksalpha_button linksalpha_link\" href=\"\/\/www.linksalpha.com\/social\/mobile\" data-url=\"https:\/\/www.reservarhotel.com\/blog\/asomate-al-balcon-de-mussolini-en-roma\/\" data-text=\"As\u00f3mate al balc\u00f3n de Mussolini en Roma\" data-desc=\"El dictador fascista italiano Benito Mussolini ten\u00eda la costumbre de arengar al pa\u00eds desde el Palazzo Venezia de Roma. El lugar ten\u00eda una especial significaci\u00f3n. Te explico porqu\u00e9 Il Duce sal\u00eda a vociferar a su gente precisamente desde ese balc\u00f3n que sigue en el mismo lugar. El balc\u00f3n de\" data-image=\"https:\/\/www.reservarhotel.com\/blog\/wp-content\/uploads\/2019\/11\/Balc\u00f3n-de-Mussolini-150x150.jpg\" data-button=\"none\">\n\t\t\t\t\t<img src=\"\/\/www.linksalpha.com\/images\/social_share_button.png\" alt=\"Share\" class=\"linksalpha_image colorbox-741\" \/>\n\t\t\t\t\t<\/a><script type=\"text\/javascript\" src=\"\/\/www.linksalpha.com\/scripts\/loader_iconbox.js?v=2.4\"><\/script><\/span><\/div>","protected":false},"author":2,"featured_media":742,"comment_status":"open","ping_status":"open","sticky":false,"template":"","format":"standard","meta":[],"categories":[47],"tags":[297,51,50],"_links":{"self":[{"href":"https:\/\/www.reservarhotel.com\/blog\/wp-json\/wp\/v2\/posts\/741"}],"collection":[{"href":"https:\/\/www.reservarhotel.com\/blog\/wp-json\/wp\/v2\/posts"}],"about":[{"href":"https:\/\/www.reservarhotel.com\/blog\/wp-json\/wp\/v2\/types\/post"}],"author":[{"embeddable":true,"href":"https:\/\/www.reservarhotel.com\/blog\/wp-json\/wp\/v2\/users\/2"}],"replies":[{"embeddable":true,"href":"https:\/\/www.reservarhotel.com\/blog\/wp-json\/wp\/v2\/comments?post=741"}],"version-history":[{"count":1,"href":"https:\/\/www.reservarhotel.com\/blog\/wp-json\/wp\/v2\/posts\/741\/revisions"}],"predecessor-version":[{"id":744,"href":"https:\/\/www.reservarhotel.com\/blog\/wp-json\/wp\/v2\/posts\/741\/revisions\/744"}],"wp:featuredmedia":[{"embeddable":true,"href":"https:\/\/www.reservarhotel.com\/blog\/wp-json\/wp\/v2\/media\/742"}],"wp:attachment":[{"href":"https:\/\/www.reservarhotel.com\/blog\/wp-json\/wp\/v2\/media?parent=741"}],"wp:term":[{"taxonomy":"category","embeddable":true,"href":"https:\/\/www.reservarhotel.com\/blog\/wp-json\/wp\/v2\/categories?post=741"},{"taxonomy":"post_tag","embeddable":true,"href":"https:\/\/www.reservarhotel.com\/blog\/wp-json\/wp\/v2\/tags?post=741"}],"curies":[{"name":"wp","href":"https:\/\/api.w.org\/{rel}","templated":true}]}}